{"id":209,"date":"2017-12-18T00:48:52","date_gmt":"2017-12-17T23:48:52","guid":{"rendered":"http:\/\/www.herbert-hutterer.de\/?p=209"},"modified":"2018-08-15T12:23:55","modified_gmt":"2018-08-15T10:23:55","slug":"auftritte-und-news-dezember-2017","status":"publish","type":"post","link":"https:\/\/www.herbert-hutterer.de\/index.php\/2017\/12\/18\/auftritte-und-news-dezember-2017\/","title":{"rendered":"Auftritte und News Dezember 2017"},"content":{"rendered":"<p>Meine Homepage habe ich nun nach langer Zeit wieder aktualisiert. Viel ist passiert seitdem &#8211; vor allem gabs im nun fast abgelaufenen Jahr 2017 einige sch\u00f6ne Auftritte, bei denen ich mit musikalischen, inspirierenden und nicht zuletzt sympathischen* Menschen sowohl bei \u00f6ffentlichen Konzerten als auch bei anderen Gelegenheiten viel Musik machen durfte! \ud83d\ude42<br \/>\n*<em>(Diese Aufz\u00e4hlung ist nicht sich gegenseitig ausschlie\u00dfend gemeint&#8230;)<\/em><\/p>\n<p>Auch im Jahr 2018 steht schon einiges an <a href=\"http:\/\/www.herbert-hutterer.de\/index.php\/termine\/\">\u00f6ffentlichen Terminen im Kalender<\/a>. U. a. werde ich mit verschiedenen Musikern in ganz unterschiedlichen Trio-Besetzungen zu h\u00f6ren sein! \ud83d\ude42<\/p>\n<p>Was steht im Jahr 2017 noch an?<\/p>\n<hr \/>\n<p><strong>20.12.2017 \/ 19:00 Uhr:\u00a0Das allj\u00e4hrliche Weihnachtskonzert des Comenius-Gymnasiums DEG in der\u00a0Stadtpfarrkirche St. Martin DEG<\/strong><\/p>\n<p>Zu h\u00f6ren sind der Chor der 5.&amp;6. Klassen, Unterstufenchor, Gro\u00dfer Chor und Kammerchor; weiterhin die Bl\u00e4ser-Gruppe sowie das Orchester und instrumentale Solo-Beitr\u00e4ge.<br \/>\nDie musikalische Leitung haben die Musiklehrer Joachim Alt, Herbert Hutterer und Max Deml.<br \/>\nEintritt frei &#8211; Spenden werden gesammelt und werden z. T. sozialen Zwecken zukommen.<\/p>\n<p>So \u00e4hnlich k\u00f6nnte sich das heuer wieder anh\u00f6ren (Aufnahme vom Weihnachtskonzert 2014):<\/p>\n<p><iframe loading=\"lazy\" title=\"Les anges dans nos campagnes by Cyberherby\" width=\"604\" height=\"400\" scrolling=\"no\" frameborder=\"no\" src=\"https:\/\/w.soundcloud.com\/player\/?visual=true&#038;url=https%3A%2F%2Fapi.soundcloud.com%2Ftracks%2F361275146&#038;show_artwork=true&#038;maxheight=906&#038;maxwidth=604\"><\/iframe><\/p>\n<hr \/>\n<p><strong>25.12.2017 \/ 10:00 Uhr:\u00a0Festliche Musik zum 1. Weihnachtsfeiertag<\/strong><\/p>\n<p>Pfarrkirche St. Martin in Niederh\u00f6cking<br \/>\nProgramm:<\/p>\n<p>&#8222;Missa fac bonum&#8220; in G-Dur \/ Valentin Rathgeber (1682-1750) f\u00fcr Chor, Solistenquartett, Streicher und Basso continuo<br \/>\n&#8222;Transeamus usque Bethlehem&#8220; von Joseph Schnabel<br \/>\n&#8222;In dulci jubilo&#8220; \/ Melchior Franck (1580-1639)<br \/>\n&#8222;Still, still, still&#8220; \/ Max Deml<\/p>\n<p>Es singen und musizieren:<br \/>\nKirchenchor St. Martin Niederh\u00f6cking und musikalische G\u00e4ste von Nah und Fern \ud83d\ude42<br \/>\nSolisten-Quartett: Jessica H\u00f6rl (Sopran), Theresa Hurka (Alt), Thomas Sigl (Tenor), Martin Schott (Bass)<br \/>\nViolinen: Lea Pommer, Maximilian Frankl, Barbara Hutterer, Johanna Hutterer<br \/>\nCello: Manfred Pferinger<br \/>\nKontrabass: Georg Jedersberger<br \/>\nOrgel: Max Deml<br \/>\nLeitung: Herbert Hutterer<br \/>\nDie Messe wird zelebriert von Pater Joseph Santhappan.<\/p>\n<hr \/>\n<p><strong>28.12.2017 \/ 20:30 Uhr: FunkAlarm im Raven<\/strong><\/p>\n<p><a href=\"http:\/\/www.funkalarm-band.de\/show\/funkalarm-raven-sr-2017\" target=\"_blank\" rel=\"noopener\"><span style=\"color: #ff0000;\">FunkAlarm<\/span><\/a> ist wieder im Rahmen der &#8222;Kult-Ur-Tage&#8220; im <a href=\"http:\/\/ali-raven.com\/terminkalender_2010.html\" target=\"_blank\" rel=\"noopener\">Raven in Straubing<\/a> zu h\u00f6ren &#8211; mit Mitwippgarantie!<\/p>\n<hr \/>\n<p><strong>07.01.2018 \/ 10 &#8211; 17 Uhr: HAT-Gang in Simbach a. Inn<\/strong><\/p>\n<p>Das Trio HAT-Gang pr\u00e4sentiert sich offiziell als <a href=\"http:\/\/www.hat-gang.de\/hochzeitstage-simbach-am-inn\/\" target=\"_blank\" rel=\"noopener\">Band bei den &#8222;Hochzeitstagen 2018 im LOK-Schuppen&#8220; in Simbach am Inn<\/a>. Auch einen <a href=\"http:\/\/www.hat-gang.de\/proben-teaser-online\/\" target=\"_blank\" rel=\"noopener\">Proben-Teaser<\/a> gibts auf der Homepage von HAT-Gang&#8230; \ud83d\ude42<\/p>\n","protected":false},"excerpt":{"rendered":"<p>Meine Homepage habe ich nun nach langer Zeit wieder aktualisiert. Viel ist passiert seitdem &#8211; vor allem gabs im nun fast abgelaufenen Jahr 2017 einige sch\u00f6ne Auftritte, bei denen ich mit musikalischen, inspirierenden und nicht zuletzt sympathischen* Menschen sowohl bei \u00f6ffentlichen Konzerten als auch bei anderen Gelegenheiten viel Musik machen durfte! \ud83d\ude42 *(Diese Aufz\u00e4hlung ist &hellip; <a href=\"https:\/\/www.herbert-hutterer.de\/index.php\/2017\/12\/18\/auftritte-und-news-dezember-2017\/\" class=\"more-link\"><span class=\"screen-reader-text\">Auftritte und News Dezember 2017<\/span> weiterlesen <span class=\"meta-nav\">&rarr;<\/span><\/a><\/p>\n","protected":false},"author":1,"featured_media":0,"comment_status":"closed","ping_status":"closed","sticky":false,"template":"","format":"standard","meta":{"footnotes":""},"categories":[1],"tags":[],"class_list":["post-209","post","type-post","status-publish","format-standard","hentry","category-allgemein"],"_links":{"self":[{"href":"https:\/\/www.herbert-hutterer.de\/index.php\/wp-json\/wp\/v2\/posts\/209","targetHints":{"allow":["GET"]}}],"collection":[{"href":"https:\/\/www.herbert-hutterer.de\/index.php\/wp-json\/wp\/v2\/posts"}],"about":[{"href":"https:\/\/www.herbert-hutterer.de\/index.php\/wp-json\/wp\/v2\/types\/post"}],"author":[{"embeddable":true,"href":"https:\/\/www.herbert-hutterer.de\/index.php\/wp-json\/wp\/v2\/users\/1"}],"replies":[{"embeddable":true,"href":"https:\/\/www.herbert-hutterer.de\/index.php\/wp-json\/wp\/v2\/comments?post=209"}],"version-history":[{"count":9,"href":"https:\/\/www.herbert-hutterer.de\/index.php\/wp-json\/wp\/v2\/posts\/209\/revisions"}],"predecessor-version":[{"id":224,"href":"https:\/\/www.herbert-hutterer.de\/index.php\/wp-json\/wp\/v2\/posts\/209\/revisions\/224"}],"wp:attachment":[{"href":"https:\/\/www.herbert-hutterer.de\/index.php\/wp-json\/wp\/v2\/media?parent=209"}],"wp:term":[{"taxonomy":"category","embeddable":true,"href":"https:\/\/www.herbert-hutterer.de\/index.php\/wp-json\/wp\/v2\/categories?post=209"},{"taxonomy":"post_tag","embeddable":true,"href":"https:\/\/www.herbert-hutterer.de\/index.php\/wp-json\/wp\/v2\/tags?post=209"}],"curies":[{"name":"wp","href":"https:\/\/api.w.org\/{rel}","templated":true}]}}